[{"@context":"https:\/\/schema.org\/","@type":"Article","@id":"https:\/\/www.vavrac.cz\/zeny-ve-svete-it\/#Article","mainEntityOfPage":"https:\/\/www.vavrac.cz\/zeny-ve-svete-it\/","headline":"\u017deny ve sv\u011bt\u011b IT","name":"\u017deny ve sv\u011bt\u011b IT","description":"Za\u010dneme jednoduchou ot\u00e1zkou na za\u010d\u00e1tek: \u201cKolik zn\u00e1te d\u011bv\u010dat ve sv\u00e9m okol\u00ed, kter\u00e9 pracuj\u00ed v IT?\u201d Vynechte ale v\u0161echny pozice typu \u00fa\u010detn\u00ed, sekret\u00e1\u0159ka \u010di asistentka \u0159editele, person\u00e1ln\u00ed apod. M\u00e1me na mysli...","datePublished":"2023-05-18","dateModified":"2023-05-18","author":{"@type":"Person","@id":"https:\/\/www.vavrac.cz\/author\/#Person","name":"","url":"https:\/\/www.vavrac.cz\/author\/","identifier":1,"image":{"@type":"ImageObject","@id":"https:\/\/secure.gravatar.com\/avatar\/093836c6bc976bea6a4c3cd39f9136c261430c33201aa865249fef2be34e3fdb?s=96&d=mm&r=g","url":"https:\/\/secure.gravatar.com\/avatar\/093836c6bc976bea6a4c3cd39f9136c261430c33201aa865249fef2be34e3fdb?s=96&d=mm&r=g","height":96,"width":96}},"publisher":{"@type":"Organization","name":"vavrac.cz","logo":{"@type":"ImageObject","@id":"\/logo.png","url":"\/logo.png","width":600,"height":60}},"url":"https:\/\/www.vavrac.cz\/zeny-ve-svete-it\/","wordCount":427,"articleBody":"Za\u010dneme jednoduchou ot\u00e1zkou na za\u010d\u00e1tek: \u201cKolik zn\u00e1te d\u011bv\u010dat ve sv\u00e9m okol\u00ed, kter\u00e9 pracuj\u00ed v IT?\u201d Vynechte ale v\u0161echny pozice typu \u00fa\u010detn\u00ed, sekret\u00e1\u0159ka \u010di asistentka \u0159editele, person\u00e1ln\u00ed apod. M\u00e1me na mysli p\u0159edev\u0161\u00edm pozice program\u00e1torek, testerek \u010di administr\u00e1torek syst\u00e9mu, p\u0159\u00edpadn\u011b psan\u00ed technick\u00e9 dokumentace, support pro z\u00e1kazn\u00edky s technick\u00fdm z\u00e1zem\u00edm.&#13; &#13; Tu\u0161\u00edme, \u017ee k v\u00fdpo\u010dtu vyu\u017eijete jednu, v ojedin\u011bl\u00fdch situac\u00edch, obou rukou a prst\u016f na nich. Je to tak, i v 21. stolet\u00ed, kdy minim\u00e1ln\u011b v Evrop\u011b m\u00e1me rovnopr\u00e1vnost \u017een a mu\u017e\u016f, ve sv\u011bt\u011b IT se st\u00e1le pohybuje v\u00fdrazn\u011b m\u00e9n\u011b \u017een jak mu\u017e\u016f. Ve v\u011bt\u0161\u00edch firm\u00e1ch se pom\u011br pohybuje p\u0159ibli\u017en\u011b 1 : 20, co\u017e opravdu nen\u00ed vysok\u00e9 \u010d\u00edslo. Na fakult\u00e1ch s informatick\u00fdm \u010di technick\u00fdm zam\u011b\u0159en\u00edm bychom d\u00edvky mohli hledat lupou.&#13; &#13; Kde je probl\u00e9m?&#13; Kladete si ot\u00e1zku, pro\u010d se \u017eeny v IT sv\u011bt\u011b vyskytuj\u00ed ojedin\u011ble? I my si ji klademe a nej\u010dast\u011bji dost\u00e1v\u00e1me odpov\u011bdi typu:&#13; \u2022 sv\u011bt IT se po\u0159\u00e1d vyv\u00edj\u00ed a \u017eena nebude m\u00edt \u010das a s\u00edlu dr\u017eet krok,&#13; \u2022 moc technick\u00fd slo\u017eit\u00fd obor pro ch\u00e1p\u00e1n\u00ed \u017een,&#13; \u2022 mu\u017ei maj\u00ed lep\u0161\u00ed logick\u00e9 my\u0161len\u00ed, budou m\u00edt konkuren\u010dn\u00ed v\u00fdhodu.&#13; &#13; Mysl\u00edme si, \u017ee jsou to jen jak\u00e9si p\u0159e\u017eitky minul\u00fdch dob \u010di spole\u010densky d\u0159\u00edve utv\u00e1\u0159en\u00fd pohled. Naopak se ukazuje, \u017ee \u017eeny \u010dasto p\u0159ich\u00e1z\u00ed s origin\u00e1ln\u00edmi prvky do \u0159e\u0161en\u00ed IT probl\u00e9m\u016f. \u017deny program\u00e1torky a testerky b\u00fdvaj\u00ed velice pe\u010dliv\u00e9 a kladou v\u011bt\u0161\u00ed d\u016fraz na kvalitu v\u00fdsledku.&#13; &#13; Czechitas&#13; Pr\u00e1v\u011b problematikou m\u00e1lo \u017een v IT se zab\u00fdv\u00e1 i sdru\u017een\u00ed Czechitas. Jejich hlavn\u00edm mottem je tvrzen\u00ed, \u017ee i \u017eeny maj\u00ed ve sv\u011bt\u011b IT sv\u00e9 m\u00edsto vedle mu\u017e\u016f.&#13; Czechitas chce a d\u011bl\u00e1 v\u0161e proto, aby sdru\u017eovalo \u017eeny, ale vlastn\u011b u\u017e d\u00edvky a studentky, kter\u00e9 maj\u00ed z\u00e1jem o IT sv\u011bt. D\u00e1v\u00e1 jim mo\u017enost se \u00fa\u010dastnit workshop\u016f, letn\u00edch \u0161kol tak, aby se i \u017eeny mohly vzd\u011bl\u00e1vat v kolektivu dal\u0161\u00edch \u017een, nemusely se tak b\u00e1t p\u0159\u00edpadn\u00fdch posm\u011b\u0161k\u016f ze strany mu\u017e\u016f.&#13; &#13; V\u00edce o jejich nab\u00eddce, zakladatelce Dit\u011b a osudech dal\u0161\u00edch organiz\u00e1torek si m\u016f\u017eete p\u0159e\u010d\u00edst na jejich webu czechitas.cz.                                                                                                                                                                                                                                                                                                                                                                                        5\/5 - (3 votes)        "},{"@context":"https:\/\/schema.org\/","@type":"BreadcrumbList","itemListElement":[{"@type":"ListItem","position":1,"name":"\u017deny ve sv\u011bt\u011b IT","item":"https:\/\/www.vavrac.cz\/zeny-ve-svete-it\/#breadcrumbitem"}]}]