[{"@context":"https:\/\/schema.org\/","@type":"Article","@id":"https:\/\/www.vavrac.cz\/pravo-volit-maji-take-zeny\/#Article","mainEntityOfPage":"https:\/\/www.vavrac.cz\/pravo-volit-maji-take-zeny\/","headline":"Pr\u00e1vo volit maj\u00ed tak\u00e9 \u017eeny","name":"Pr\u00e1vo volit maj\u00ed tak\u00e9 \u017eeny","description":"Jestli\u017ee se pod\u00edv\u00e1me hluboko do minulosti zjist\u00edme, \u017ee spole\u010dnost byla v\u017edy rozd\u011blen\u00e1 a za\u0161katulkovan\u00e1. D\u011blili jsme ji dle mno\u017estv\u00ed majetku a pen\u011bz na \u0161lechtu a chudinu nebo dle pohlav\u00ed na...","datePublished":"2022-08-05","dateModified":"2023-05-18","author":{"@type":"Person","@id":"https:\/\/www.vavrac.cz\/author\/#Person","name":"","url":"https:\/\/www.vavrac.cz\/author\/","identifier":1,"image":{"@type":"ImageObject","@id":"https:\/\/secure.gravatar.com\/avatar\/093836c6bc976bea6a4c3cd39f9136c261430c33201aa865249fef2be34e3fdb?s=96&d=mm&r=g","url":"https:\/\/secure.gravatar.com\/avatar\/093836c6bc976bea6a4c3cd39f9136c261430c33201aa865249fef2be34e3fdb?s=96&d=mm&r=g","height":96,"width":96}},"publisher":{"@type":"Organization","name":"vavrac.cz","logo":{"@type":"ImageObject","@id":"\/logo.png","url":"\/logo.png","width":600,"height":60}},"image":{"@type":"ImageObject","@id":"https:\/\/www.vavrac.cz\/wp-content\/uploads\/volebn%C3%AD%20pr%C3%A1vo%20%C5%BEen.jpg","url":"https:\/\/www.vavrac.cz\/wp-content\/uploads\/volebn%C3%AD%20pr%C3%A1vo%20%C5%BEen.jpg","height":0,"width":0},"url":"https:\/\/www.vavrac.cz\/pravo-volit-maji-take-zeny\/","about":["Politika"],"wordCount":399,"articleBody":"Jestli\u017ee se pod\u00edv\u00e1me hluboko do minulosti zjist\u00edme, \u017ee spole\u010dnost byla v\u017edy rozd\u011blen\u00e1 a za\u0161katulkovan\u00e1. D\u011blili jsme ji dle mno\u017estv\u00ed majetku a pen\u011bz na \u0161lechtu a chudinu nebo dle pohlav\u00ed na \u017eenu a mu\u017ee. Je bizardn\u00ed up\u0159ednost\u0148ovat jedno pohlav\u00ed p\u0159ed druh\u00fdm. Role \u017eeny ve spole\u010dnosti m\u011bla b\u00fdt pouze starat se o dom\u00e1cnost, b\u00fdt okrasa pokolen\u00ed a zajistit n\u00e1sledn\u00edky rodu. Nem\u011bli \u017e\u00e1dn\u00e9 slovo v\u00a0t\u00e9m\u011b\u0159 \u017e\u00e1dn\u00e9m odv\u011btv\u00ed, nato\u017e v\u00a0rodin\u011b. Mnohdy byly shazov\u00e1ni. D\u00e1msk\u00e9 pohlav\u00ed nemohlo studovat, v\u011bnovat se obor\u016fm, kter\u00e9 pro n\u011b bylo interestinguj\u00edc\u00ed, nemohly projevovat sv\u00e9 n\u00e1zory. Jejich \u017eivoty byly doslova v\u00a0rukou mu\u017e\u016f. To je ji\u017e na\u0161t\u011bst\u00ed minulost\u00ed. Ob\u011b pohlav\u00ed jsou v\u00a0dne\u0161n\u00ed dob\u011b t\u00e9m\u011b\u0159 pln\u011b rovnocenn\u00e1. \u017deny plnohodnotn\u011b konkuruj\u00ed mu\u017e\u016fm. Kdy se to zlomilo? Kdy mohly \u017eeny za\u010d\u00edt vyjad\u0159ovat n\u00e1zor i v\u00a0politice? Pr\u00e1va \u017een se m\u011bn\u00ed r\u016fzn\u011b s\u00a0ohledem na geografick\u00e9 um\u00edst\u011bn\u00ed a n\u00e1bo\u017eenstv\u00ed v\u00a0dan\u00e9 zemi. Celosv\u011btov\u00e1 boj za mo\u017enost volebn\u00edho pr\u00e1va pro \u017eeny za\u010dal v\u00a0polovin\u011b 19. stolet\u00ed. O t\u00e9m\u011b\u0159 dal\u0161\u00edch 100 let pozd\u011bji vlastnili volebn\u00ed pr\u00e1vo ob\u011b pohlav\u00ed v\u00a0mnoha zem\u00edch. Do dnes existuj\u00ed oblasti, kde \u017eeny st\u00e1le nemohou vyj\u00e1d\u0159it politick\u00fd n\u00e1zor. Jedn\u00edm z\u00a0nich je Vatik\u00e1n. Saudsk\u00e1 Ar\u00e1bie se \u0159ad\u00ed mezi jedny z\u00a0posledn\u00edch zem\u00ed, kde byla \u00fa\u010dast povolena. \u010cesk\u00e1 i Slovensk\u00e1 republika slavila 100let\u00e9 v\u00fdro\u010d\u00ed v\u00a0roce 2020. V\u00a0\u010cesku se za volebn\u00ed pr\u00e1va \u017een zaslou\u017eily 2 nejv\u00fdznamn\u011bj\u0161\u00ed osobnosti tohoto obdob\u00ed \u2013 Franti\u0161ka Plam\u00ednkov\u00e1 a Alice Masarykov\u00e1. V\u00a0\u00fanoru se \u00fastavn\u011b zakotvilo nejen volebn\u00ed pr\u00e1vo, ale tak\u00e9 to, \u017ee jsou \u017eeny v\u00a0politice, spole\u010dnosti i v\u00a0kultu\u0159e rovnocenn\u00fd s\u00a0mu\u017ei. O 2 m\u011bs\u00edce pozd\u011bji se pak n\u00e1sledn\u011b konaly historicky prvn\u00ed parlamentn\u00ed volby, ve kter\u00fdch mohly volit i \u017eeny. Jednalo se o volby do poslaneck\u00e9 sn\u011bmovny a sen\u00e1tu. Ji\u017e o p\u00e1d des\u00edtek let d\u0159\u00edve m\u011bly n\u011bkter\u00e9 \u017eeny pr\u00e1vo volit. Od roku 1873 je obdr\u017eely vyvolen\u00e9 \u017eeny v\u00a0habsbursk\u00e9 monarchii. Byly to d\u00e1my, kter\u00e9 vlastnily velkostatek. Volba v\u0161ak stejn\u011b musela prob\u011bhnout pomoc\u00ed z\u00e1stupce.                                                                                                                                                                                                                                                                                                                                                                                         4.2\/5 - (10 votes)        "},{"@context":"https:\/\/schema.org\/","@type":"BreadcrumbList","itemListElement":[{"@type":"ListItem","position":1,"name":"Pr\u00e1vo volit maj\u00ed tak\u00e9 \u017eeny","item":"https:\/\/www.vavrac.cz\/pravo-volit-maji-take-zeny\/#breadcrumbitem"}]}]