[{"@context":"https:\/\/schema.org\/","@type":"Article","@id":"https:\/\/www.vavrac.cz\/jaky-profil-si-vyberete\/#Article","mainEntityOfPage":"https:\/\/www.vavrac.cz\/jaky-profil-si-vyberete\/","headline":"Jak\u00fd profil si vyberete?","name":"Jak\u00fd profil si vyberete?","description":"Stav\u011bt d\u016fm nen\u00ed jen tak. Krom\u011b z\u00e1kladn\u00edch ot\u00e1zek, kde bude st\u00e1t \u010di jak velk\u00fd bude, mus\u00edte zodpov\u011bd\u011bt tak\u00e9 na dal\u0161\u00ed ot\u00e1zky, a to nap\u0159\u00edklad na to, jak\u00e1 okna si vyberete....","datePublished":"2023-09-06","dateModified":"2023-09-06","author":{"@type":"Person","@id":"https:\/\/www.vavrac.cz\/author\/#Person","name":"","url":"https:\/\/www.vavrac.cz\/author\/","identifier":1,"image":{"@type":"ImageObject","@id":"https:\/\/secure.gravatar.com\/avatar\/093836c6bc976bea6a4c3cd39f9136c261430c33201aa865249fef2be34e3fdb?s=96&d=mm&r=g","url":"https:\/\/secure.gravatar.com\/avatar\/093836c6bc976bea6a4c3cd39f9136c261430c33201aa865249fef2be34e3fdb?s=96&d=mm&r=g","height":96,"width":96}},"publisher":{"@type":"Organization","name":"vavrac.cz","logo":{"@type":"ImageObject","@id":"\/logo.png","url":"\/logo.png","width":600,"height":60}},"url":"https:\/\/www.vavrac.cz\/jaky-profil-si-vyberete\/","wordCount":240,"articleBody":"Stav\u011bt d\u016fm nen\u00ed jen tak. Krom\u011b z\u00e1kladn\u00edch ot\u00e1zek, kde bude st\u00e1t \u010di jak velk\u00fd bude, mus\u00edte zodpov\u011bd\u011bt tak\u00e9 na dal\u0161\u00ed ot\u00e1zky, a to nap\u0159\u00edklad na to, jak\u00e1 okna si vyberete. Na v\u00fdb\u011br m\u00e1te hned z n\u011bkolika typ\u016f, mezi kter\u00e9 pat\u0159\u00ed hlin\u00edkov\u00e1, d\u0159ev\u011bn\u00e1 a plastov\u00e1. Pr\u00e1v\u011b posledn\u00ed zmi\u0148ovan\u00fd typ se \u0159ad\u00ed k nejv\u00fdhodn\u011bj\u0161\u00edm variant\u00e1m. Plastov\u00e1 okna i p\u0159es svou n\u00edzkou cenu nab\u00edzej\u00ed vysok\u00fd standardn\u00ed izolace a tak\u00e9 dal\u0161\u00ed u\u017eite\u010dn\u00e9 vlastnosti, mezi kter\u00e9 pat\u0159\u00ed i odolnost proti mechanick\u00e9mu nam\u00e1h\u00e1n\u00ed \u010di nap\u0159\u00edklad mo\u017enost sladit barvy t\u011bchto prvk\u016f s domem.Sta\u010d\u00ed si vybrat a m\u00e1te vystar\u00e1noD\u00edky tomu, jak jsou tyto produkty kvalitn\u00ed, m\u00e1me mo\u017enost nab\u00edzet lidem skute\u010dn\u011b b\u00e1je\u010dn\u00e9 zbo\u017e\u00ed, kter\u00e9 jim bude nadev\u0161e u\u017eite\u010dn\u00e9. Vyu\u017eijte tuto nab\u00eddku i vy a postarejte se o to, aby v\u00e1\u0161 d\u016fm byl kvalitn\u011b zaji\u0161t\u011bn proti \u00fanik\u016fm tepla a dal\u0161\u00edm ne\u017e\u00e1douc\u00edm vliv\u016fm. Uvid\u00edte, \u017ee investice, kterou vlo\u017e\u00edte do t\u011bchto prvk\u016f, se v\u00e1m za n\u011bkolik let vr\u00e1t\u00ed v podob\u011b \u00faspory, kterou budete moci s t\u011bmito produkty vytvo\u0159it. P\u0159esv\u011bd\u010dte se o t\u00e9to skute\u010dnosti sami, nebudete litovat, ba naopak.                                                                                                                                                                                                                                                                                                                                                                                        3.8\/5 - (5 votes)        "},{"@context":"https:\/\/schema.org\/","@type":"BreadcrumbList","itemListElement":[{"@type":"ListItem","position":1,"name":"Jak\u00fd profil si vyberete?","item":"https:\/\/www.vavrac.cz\/jaky-profil-si-vyberete\/#breadcrumbitem"}]}]